{"id":222,"date":"2021-08-04T13:33:00","date_gmt":"2021-08-04T16:33:00","guid":{"rendered":"https:\/\/marcenarialectus.com.br\/blog\/?p=222"},"modified":"2021-08-11T13:35:38","modified_gmt":"2021-08-11T16:35:38","slug":"individualidade","status":"publish","type":"post","link":"https:\/\/marcenarialectus.com.br\/blog\/individualidade\/","title":{"rendered":"Individualidade"},"content":{"rendered":"\n<p>M\u00f3veis personalizados s\u00e3o \u00fanicos para voc\u00ea e para sua casa. Quando um ambiente recebe m\u00f3veis especialmente criados para aquele espa\u00e7o e para a necessidade das pessoas que moram ali temos uma integra\u00e7\u00e3o de valoriza\u00e7\u00e3o est\u00e9tica e com a funcionalidade do ambiente. <\/p>\n\n\n\n<p>D\u00ea mais harmonia e funcionalidade ao seu ambiente, escolha m\u00f3veis personalizados. <\/p>\n\n\n\n<p>N\u00f3s da Marcenaria Lectus temos profissionais prontos para tornar seu lar ainda melhor. Entre em contato e confira a tradi\u00e7\u00e3o, beleza e profissionalismo da Marcenaria Lectus.<\/p>\n","protected":false},"excerpt":{"rendered":"<p>M\u00f3veis personalizados s\u00e3o \u00fanicos para voc\u00ea e para sua casa. Quando um ambiente recebe m\u00f3veis especialmente criados para aquele espa\u00e7o e para a necessidade das pessoas que moram ali temos uma integra\u00e7\u00e3o de valoriza\u00e7\u00e3o est\u00e9tica e com a funcionalidade do ambiente. D\u00ea mais harmonia e funcionalidade ao seu ambiente, escolha m\u00f3veis personalizados. N\u00f3s da Marcenaria [&hellip;]<\/p>\n","protected":false},"author":2,"featured_media":223,"comment_status":"open","ping_status":"open","sticky":false,"template":"","format":"standard","meta":[],"categories":[1],"tags":[5,49,9,8,10],"_links":{"self":[{"href":"https:\/\/marcenarialectus.com.br\/blog\/wp-json\/wp\/v2\/posts\/222"}],"collection":[{"href":"https:\/\/marcenarialectus.com.br\/blog\/wp-json\/wp\/v2\/posts"}],"about":[{"href":"https:\/\/marcenarialectus.com.br\/blog\/wp-json\/wp\/v2\/types\/post"}],"author":[{"embeddable":true,"href":"https:\/\/marcenarialectus.com.br\/blog\/wp-json\/wp\/v2\/users\/2"}],"replies":[{"embeddable":true,"href":"https:\/\/marcenarialectus.com.br\/blog\/wp-json\/wp\/v2\/comments?post=222"}],"version-history":[{"count":1,"href":"https:\/\/marcenarialectus.com.br\/blog\/wp-json\/wp\/v2\/posts\/222\/revisions"}],"predecessor-version":[{"id":224,"href":"https:\/\/marcenarialectus.com.br\/blog\/wp-json\/wp\/v2\/posts\/222\/revisions\/224"}],"wp:featuredmedia":[{"embeddable":true,"href":"https:\/\/marcenarialectus.com.br\/blog\/wp-json\/wp\/v2\/media\/223"}],"wp:attachment":[{"href":"https:\/\/marcenarialectus.com.br\/blog\/wp-json\/wp\/v2\/media?parent=222"}],"wp:term":[{"taxonomy":"category","embeddable":true,"href":"https:\/\/marcenarialectus.com.br\/blog\/wp-json\/wp\/v2\/categories?post=222"},{"taxonomy":"post_tag","embeddable":true,"href":"https:\/\/marcenarialectus.com.br\/blog\/wp-json\/wp\/v2\/tags?post=222"}],"curies":[{"name":"wp","href":"https:\/\/api.w.org\/{rel}","templated":true}]}}