{"id":218,"date":"2021-07-02T09:09:08","date_gmt":"2021-07-02T12:09:08","guid":{"rendered":"https:\/\/marcenarialectus.com.br\/blog\/?p=218"},"modified":"2021-07-02T09:09:08","modified_gmt":"2021-07-02T12:09:08","slug":"espaco-lectus","status":"publish","type":"post","link":"https:\/\/marcenarialectus.com.br\/blog\/espaco-lectus\/","title":{"rendered":"Espa\u00e7o Lectus"},"content":{"rendered":"\n<p>Sabe o que um apartamento pequeno precisa? M\u00f3veis planejados. Quando cada cent\u00edmetro conta nada melhor do que ter todos os seus ambientes constru\u00eddos para oferecerem o m\u00e1ximo de efici\u00eancia, aconchego e beleza. Parece tudo apertado agora? Aquele guarda-roupas \u00e9 um trambolho e parece que n\u00e3o cabe nada?<\/p>\n\n\n\n<p>Entre em contado, n\u00f3s da Marcenaria Lectus temos profissionais prontos para otimizar seu apartamento. Tenha a otimiza\u00e7\u00e3o, beleza e praticidade em seu dia a dia.<\/p>\n","protected":false},"excerpt":{"rendered":"<p>Sabe o que um apartamento pequeno precisa? M\u00f3veis planejados. Quando cada cent\u00edmetro conta nada melhor do que ter todos os seus ambientes constru\u00eddos para oferecerem o m\u00e1ximo de efici\u00eancia, aconchego e beleza. Parece tudo apertado agora? Aquele guarda-roupas \u00e9 um trambolho e parece que n\u00e3o cabe nada? Entre em contado, n\u00f3s da Marcenaria Lectus temos [&hellip;]<\/p>\n","protected":false},"author":2,"featured_media":219,"comment_status":"open","ping_status":"open","sticky":false,"template":"","format":"standard","meta":[],"categories":[1],"tags":[47,48,9,8,10],"_links":{"self":[{"href":"https:\/\/marcenarialectus.com.br\/blog\/wp-json\/wp\/v2\/posts\/218"}],"collection":[{"href":"https:\/\/marcenarialectus.com.br\/blog\/wp-json\/wp\/v2\/posts"}],"about":[{"href":"https:\/\/marcenarialectus.com.br\/blog\/wp-json\/wp\/v2\/types\/post"}],"author":[{"embeddable":true,"href":"https:\/\/marcenarialectus.com.br\/blog\/wp-json\/wp\/v2\/users\/2"}],"replies":[{"embeddable":true,"href":"https:\/\/marcenarialectus.com.br\/blog\/wp-json\/wp\/v2\/comments?post=218"}],"version-history":[{"count":1,"href":"https:\/\/marcenarialectus.com.br\/blog\/wp-json\/wp\/v2\/posts\/218\/revisions"}],"predecessor-version":[{"id":220,"href":"https:\/\/marcenarialectus.com.br\/blog\/wp-json\/wp\/v2\/posts\/218\/revisions\/220"}],"wp:featuredmedia":[{"embeddable":true,"href":"https:\/\/marcenarialectus.com.br\/blog\/wp-json\/wp\/v2\/media\/219"}],"wp:attachment":[{"href":"https:\/\/marcenarialectus.com.br\/blog\/wp-json\/wp\/v2\/media?parent=218"}],"wp:term":[{"taxonomy":"category","embeddable":true,"href":"https:\/\/marcenarialectus.com.br\/blog\/wp-json\/wp\/v2\/categories?post=218"},{"taxonomy":"post_tag","embeddable":true,"href":"https:\/\/marcenarialectus.com.br\/blog\/wp-json\/wp\/v2\/tags?post=218"}],"curies":[{"name":"wp","href":"https:\/\/api.w.org\/{rel}","templated":true}]}}